{"id":31,"date":"2024-04-23T13:07:38","date_gmt":"2024-04-23T16:07:38","guid":{"rendered":"https:\/\/www.cordaspampa.com.br\/blog\/?p=31"},"modified":"2024-04-23T13:09:33","modified_gmt":"2024-04-23T16:09:33","slug":"descubra-as-caracteristicas-da-corda-de-poliester","status":"publish","type":"post","link":"https:\/\/www.cordaspampa.com.br\/blog\/tipos-de-corda\/descubra-as-caracteristicas-da-corda-de-poliester\/","title":{"rendered":"Descubra as caracter\u00edsticas da corda de poli\u00e9ster"},"content":{"rendered":"<span class=\"rt-reading-time\" style=\"display: block;\"><span class=\"rt-label rt-prefix\">Tempo de leitura<\/span> <span class=\"rt-time\">5<\/span> <span class=\"rt-label rt-postfix\">minutos<\/span><\/span>\n<p><\/p>\n\n\n\n<p>Voc\u00ea j\u00e1 se perguntou sobre o que \u00e9 e qual a fun\u00e7\u00e3o da corda de poli\u00e9ster? Neste artigo, vamos explorar essas quest\u00f5es e destacar as caracter\u00edsticas dessa fibra que a tornam uma escolha excepcional para uma variedade de aplica\u00e7\u00f5es.<\/p>\n\n\n\n<div id=\"ez-toc-container\" class=\"ez-toc-v2_0_68_1 counter-hierarchy ez-toc-counter ez-toc-white ez-toc-container-direction\">\n<div class=\"ez-toc-title-container\">\n<p class=\"ez-toc-title \" >Lista de T&oacute;picos<\/p>\n<span class=\"ez-toc-title-toggle\"><a href=\"#\" class=\"ez-toc-pull-right ez-toc-btn ez-toc-btn-xs ez-toc-btn-default ez-toc-toggle\" aria-label=\"Toggle Table of Content\"><span class=\"ez-toc-js-icon-con\"><span class=\"\"><span class=\"eztoc-hide\" style=\"display:none;\">Toggle<\/span><span class=\"ez-toc-icon-toggle-span\"><svg style=\"fill: #999;color:#999\" xmlns=\"http:\/\/www.w3.org\/2000\/svg\" class=\"list-377408\" width=\"20px\" height=\"20px\" viewBox=\"0 0 24 24\" fill=\"none\"><path d=\"M6 6H4v2h2V6zm14 0H8v2h12V6zM4 11h2v2H4v-2zm16 0H8v2h12v-2zM4 16h2v2H4v-2zm16 0H8v2h12v-2z\" fill=\"currentColor\"><\/path><\/svg><svg style=\"fill: #999;color:#999\" class=\"arrow-unsorted-368013\" xmlns=\"http:\/\/www.w3.org\/2000\/svg\" width=\"10px\" height=\"10px\" viewBox=\"0 0 24 24\" version=\"1.2\" baseProfile=\"tiny\"><path d=\"M18.2 9.3l-6.2-6.3-6.2 6.3c-.2.2-.3.4-.3.7s.1.5.3.7c.2.2.4.3.7.3h11c.3 0 .5-.1.7-.3.2-.2.3-.5.3-.7s-.1-.5-.3-.7zM5.8 14.7l6.2 6.3 6.2-6.3c.2-.2.3-.5.3-.7s-.1-.5-.3-.7c-.2-.2-.4-.3-.7-.3h-11c-.3 0-.5.1-.7.3-.2.2-.3.5-.3.7s.1.5.3.7z\"\/><\/svg><\/span><\/span><\/span><\/a><\/span><\/div>\n<nav><ul class='ez-toc-list ez-toc-list-level-1 ' ><li class='ez-toc-page-1 ez-toc-heading-level-2'><a class=\"ez-toc-link ez-toc-heading-1\" href=\"https:\/\/www.cordaspampa.com.br\/blog\/tipos-de-corda\/descubra-as-caracteristicas-da-corda-de-poliester\/#O_que_e_corda_de_poliester_e_sua_funcao\" title=\"O que \u00e9 corda de poli\u00e9ster e sua fun\u00e7\u00e3o?\">O que \u00e9 corda de poli\u00e9ster e sua fun\u00e7\u00e3o?<\/a><\/li><li class='ez-toc-page-1 ez-toc-heading-level-2'><a class=\"ez-toc-link ez-toc-heading-2\" href=\"https:\/\/www.cordaspampa.com.br\/blog\/tipos-de-corda\/descubra-as-caracteristicas-da-corda-de-poliester\/#Caracteristicas_da_corda_de_poliester\" title=\"Caracter\u00edsticas da corda de poli\u00e9ster\">Caracter\u00edsticas da corda de poli\u00e9ster<\/a><\/li><li class='ez-toc-page-1 ez-toc-heading-level-2'><a class=\"ez-toc-link ez-toc-heading-3\" href=\"https:\/\/www.cordaspampa.com.br\/blog\/tipos-de-corda\/descubra-as-caracteristicas-da-corda-de-poliester\/#Veja_as_aplicacoes_da_corda_de_poliester\" title=\"Veja as aplica\u00e7\u00f5es da corda de poli\u00e9ster\">Veja as aplica\u00e7\u00f5es da corda de poli\u00e9ster<\/a><\/li><li class='ez-toc-page-1 ez-toc-heading-level-2'><a class=\"ez-toc-link ez-toc-heading-4\" href=\"https:\/\/www.cordaspampa.com.br\/blog\/tipos-de-corda\/descubra-as-caracteristicas-da-corda-de-poliester\/#Onde_comprar_corda_de_poliester_de_qualidade\" title=\"Onde comprar corda de poli\u00e9ster de qualidade?\">Onde comprar corda de poli\u00e9ster de qualidade?<\/a><ul class='ez-toc-list-level-3' ><li class='ez-toc-heading-level-3'><a class=\"ez-toc-link ez-toc-heading-5\" href=\"https:\/\/www.cordaspampa.com.br\/blog\/tipos-de-corda\/descubra-as-caracteristicas-da-corda-de-poliester\/#Sobre_a_Cordas_Pampa_Uma_referencia_no_mercado_nacional\" title=\"Sobre a Cordas Pampa: Uma refer\u00eancia no mercado nacional\">Sobre a Cordas Pampa: Uma refer\u00eancia no mercado nacional<\/a><\/li><\/ul><\/li><\/ul><\/nav><\/div>\n<h2 class=\"wp-block-heading\"><span class=\"ez-toc-section\" id=\"O_que_e_corda_de_poliester_e_sua_funcao\"><\/span>O que \u00e9 corda de poli\u00e9ster e sua fun\u00e7\u00e3o?<span class=\"ez-toc-section-end\"><\/span><\/h2>\n\n\n\n<p>A corda de poli\u00e9ster <strong>\u00e9 um tipo de corda feita a partir de fibras sint\u00e9ticas de poli\u00e9ster<\/strong>. Ela \u00e9 conhecida por sua resist\u00eancia e durabilidade, sendo amplamente utilizada em uma variedade de setores, desde atividades recreativas at\u00e9 aplica\u00e7\u00f5es industriais.<\/p>\n\n\n\n<p>Sua fun\u00e7\u00e3o principal \u00e9 fornecer suporte, amarra\u00e7\u00e3o, eleva\u00e7\u00e3o e tra\u00e7\u00e3o em diferentes contextos. Com sua resist\u00eancia e versatilidade, a corda de poli\u00e9ster desempenha um papel crucial em diversas atividades, incluindo n\u00e1utica, escalada, resgate, agricultura, constru\u00e7\u00e3o, entre outras.<\/p>\n\n\n\n<ul class=\"wp-block-list\">\n<li><strong>Leia tamb\u00e9m<\/strong>: <a href=\"https:\/\/www.cordaspampa.com.br\/blog\/tipos-de-corda\/corda-de-poliamida-conheca-a-cordas-pampa\/\">Corda de poliamida: Conhe\u00e7a a fabricante ideal<\/a><\/li>\n<\/ul>\n\n\n\n<h2 class=\"wp-block-heading\"><span class=\"ez-toc-section\" id=\"Caracteristicas_da_corda_de_poliester\"><\/span>Caracter\u00edsticas da corda de poli\u00e9ster<span class=\"ez-toc-section-end\"><\/span><\/h2>\n\n\n<div class=\"wp-block-image\">\n<figure class=\"aligncenter size-full is-resized\"><img loading=\"lazy\" decoding=\"async\" width=\"740\" height=\"493\" src=\"https:\/\/www.cordaspampa.com.br\/blog\/wp-content\/uploads\/2024\/04\/corda-2-1.jpg\" alt=\"corda de poli\u00e9ster\" class=\"wp-image-33\" style=\"width:478px;height:auto\"\/><\/figure>\n<\/div>\n\n\n<p>A corda de poli\u00e9ster possui uma s\u00e9rie de caracter\u00edsticas que a tornam uma op\u00e7\u00e3o preferencial para muitas aplica\u00e7\u00f5es. Aqui est\u00e3o algumas delas:<\/p>\n\n\n\n<ul class=\"wp-block-list\">\n<li><strong>Tran\u00e7adas de \u00f8 1,5 a 30,0mm<\/strong>: Dispon\u00edvel em uma ampla faixa de di\u00e2metros para atender \u00e0s necessidades espec\u00edficas de cada aplica\u00e7\u00e3o;<\/li>\n\n\n\n<li><strong>Resist\u00eancia a \u00e1cidos e \u00e1lcalis<\/strong>: A corda de poli\u00e9ster \u00e9 resistente a \u00e1cidos e \u00e1lcalis, o que a torna adequada para uso em ambientes qu\u00edmicos adversos;<\/li>\n\n\n\n<li><strong>Resist\u00eancia \u00e0 hidr\u00f3lise e solventes org\u00e2nicos<\/strong>: Mant\u00e9m sua integridade mesmo em ambientes \u00famidos ou em contato com solventes org\u00e2nicos;<\/li>\n\n\n\n<li><strong>Excelente resist\u00eancia \u00e0 abras\u00e3o<\/strong>: Sua durabilidade \u00e9 garantida mesmo em condi\u00e7\u00f5es de desgaste intenso;<\/li>\n\n\n\n<li><strong>Flutuabilidade negativa<\/strong>: \u00d3tima para aplica\u00e7\u00f5es onde a flutuabilidade \u00e9 indesejada;<\/li>\n\n\n\n<li><strong>Excelente resist\u00eancia ao choque e \u00e0 fadiga<\/strong>: Oferece desempenho consistente mesmo sob carga pesada e ciclos repetidos de tens\u00e3o;<\/li>\n\n\n\n<li><strong>Baixo alongamento<\/strong>: Ideal para aplica\u00e7\u00f5es que exigem estabilidade dimensional.<\/li>\n<\/ul>\n\n\n\n<p>Ainda por cima, a corda de poli\u00e9ster est\u00e1 dispon\u00edvel em uma variedade de di\u00e2metros e cores, oferecendo flexibilidade para atender \u00e0s necessidades espec\u00edficas de cada aplica\u00e7\u00e3o.<\/p>\n\n\n\n<ul class=\"wp-block-list\">\n<li><strong>Leia tamb\u00e9m<\/strong>: <a href=\"https:\/\/www.cordaspampa.com.br\/blog\/tipos-de-corda\/confira-os-beneficios-e-aplicacoes-da-corda-de-polietileno\/\">Confira os benef\u00edcios e aplica\u00e7\u00f5es da corda de polietileno<\/a><\/li>\n<\/ul>\n\n\n\n<h2 class=\"wp-block-heading\"><span class=\"ez-toc-section\" id=\"Veja_as_aplicacoes_da_corda_de_poliester\"><\/span>Veja as aplica\u00e7\u00f5es da corda de poli\u00e9ster<span class=\"ez-toc-section-end\"><\/span><\/h2>\n\n\n\n<p>Devido \u00e0s suas caracter\u00edsticas excepcionais, a corda de poli\u00e9ster \u00e9 amplamente utilizada em uma variedade de aplica\u00e7\u00f5es. Aqui est\u00e3o algumas delas:<\/p>\n\n\n\n<ul class=\"wp-block-list\">\n<li><strong>N\u00e1utica<\/strong>: Ideal para amarra\u00e7\u00e3o de embarca\u00e7\u00f5es, cabos de reboque, linhas de ancoragem e outras aplica\u00e7\u00f5es mar\u00edtimas devido \u00e0 sua resist\u00eancia \u00e0 \u00e1gua salgada e durabilidade;<\/li>\n\n\n\n<li><strong>Escalada e resgate<\/strong>: Usada em cordas de escalada, cordas de rapel, cordas de resgate e equipamentos de seguran\u00e7a devido \u00e0 sua alta resist\u00eancia e baixo alongamento;<\/li>\n\n\n\n<li><strong>Agricultura<\/strong>: Utilizada em sistemas de eleva\u00e7\u00e3o, amarra\u00e7\u00e3o de cargas e na constru\u00e7\u00e3o de cercas devido \u00e0 sua resist\u00eancia \u00e0 abras\u00e3o e longa vida \u00fatil;<\/li>\n\n\n\n<li><strong>Constru\u00e7\u00e3o<\/strong>: Empregada em guinchos, elevadores de carga, andaimes suspensos e outros equipamentos de eleva\u00e7\u00e3o devido \u00e0 sua alta resist\u00eancia e confiabilidade.<\/li>\n<\/ul>\n\n\n\n<h2 class=\"wp-block-heading\"><span class=\"ez-toc-section\" id=\"Onde_comprar_corda_de_poliester_de_qualidade\"><\/span>Onde comprar corda de poli\u00e9ster de qualidade?<span class=\"ez-toc-section-end\"><\/span><\/h2>\n\n\n<div class=\"wp-block-image is-style-rounded\">\n<figure class=\"alignright size-full is-resized\"><img loading=\"lazy\" decoding=\"async\" width=\"740\" height=\"493\" src=\"https:\/\/www.cordaspampa.com.br\/blog\/wp-content\/uploads\/2024\/04\/corda-3-1.jpg\" alt=\"corda de poli\u00e9ster\" class=\"wp-image-34\" style=\"width:293px;height:auto\"\/><\/figure>\n<\/div>\n\n\n<p>Quando se trata de adquirir corda de poli\u00e9ster de qualidade, a <a href=\"https:\/\/www.cordaspampa.com.br\/quem-somos\">Cordas Pampa<\/a> \u00e9 a escolha ideal.<\/p>\n\n\n\n<p>Com mais de quatro d\u00e9cadas de experi\u00eancia, essa empresa n\u00e3o apenas fabrica e fornece cordas de poli\u00e9ster de alta qualidade a pre\u00e7os justos, mas tamb\u00e9m oferece um atendimento personalizado e a capacidade de <strong>produzir produtos sob medida e especiais<\/strong> para atender \u00e0s necessidades espec\u00edficas de cada cliente.<\/p>\n\n\n\n<h3 class=\"wp-block-heading\"><span class=\"ez-toc-section\" id=\"Sobre_a_Cordas_Pampa_Uma_referencia_no_mercado_nacional\"><\/span>Sobre a Cordas Pampa: Uma refer\u00eancia no mercado nacional<span class=\"ez-toc-section-end\"><\/span><\/h3>\n\n\n\n<p>Desde 1981, a <a href=\"https:\/\/www.cordaspampa.com.br\/quem-somos\">Cordas Pampa<\/a> vem se destacando na fabrica\u00e7\u00e3o de cordas de alta qualidade.<\/p>\n\n\n\n<p>Come\u00e7ando com cordas torcidas de Polietileno, logo expandimos para incluir cordas tran\u00e7adas feitas de uma variedade de materiais sint\u00e9ticos e naturais, como poli\u00e9ster de alta tenacidade, polipropileno, poliamida, aramida e at\u00e9 mesmo fibras naturais como algod\u00e3o.<\/p>\n\n\n\n<p>Nosso compromisso com a qualidade \u00e9 evidente em cada produto que entregamos. Operando em um parque fabril moderno e utilizando tecnologia de ponta, garantimos uma produ\u00e7\u00e3o eficiente e consistente.<\/p>\n\n\n\n<p>Com um laborat\u00f3rio de qualidade dedicado, monitoramos de perto cada etapa da produ\u00e7\u00e3o para garantir que nossas cordas atendam aos mais altos padr\u00f5es.<\/p>\n\n\n\n<p>Reconhecidos em todo o pa\u00eds, n\u00e3o apenas pela diversidade de nossa linha de produtos, mas tamb\u00e9m pela excel\u00eancia em qualidade e servi\u00e7o, nos orgulhamos de oferecer solu\u00e7\u00f5es personalizadas para nossos clientes.<\/p>\n\n\n\n<p>Seja qual for a sua necessidade em artefatos de cordoaria, estamos prontos para superar suas expectativas.<\/p>\n\n\n\n<p class=\"has-text-align-center\"><a href=\"https:\/\/www.cordaspampa.com.br\/contato\">Entre em contato<\/a> conosco hoje mesmo e descubra como a Cordas Pampa pode fornecer as melhores solu\u00e7\u00f5es para suas necessidades em cordas de poli\u00e9ster e muito mais.<\/p>\n\n\n\n<p>Garantimos qualidade, confiabilidade e um atendimento excepcional em cada intera\u00e7\u00e3o!<\/p>\n\n\n\n<ul class=\"wp-block-list\">\n<li><strong>Leia tamb\u00e9m<\/strong>: <a href=\"https:\/\/www.cordaspampa.com.br\/blog\/tipos-de-corda\/corda-polipropileno-trancada-aplicacoes\/\">Corda polipropileno tran\u00e7ada: Quais s\u00e3o as aplica\u00e7\u00f5es?<\/a><\/li>\n<\/ul>\n\n\n\n<figure class=\"wp-block-image size-full is-resized\"><img loading=\"lazy\" decoding=\"async\" width=\"540\" height=\"240\" src=\"https:\/\/www.cordaspampa.com.br\/blog\/wp-content\/uploads\/2024\/04\/logo.png\" alt=\"\" class=\"wp-image-6\" style=\"width:117px;height:auto\"\/><\/figure>\n","protected":false},"excerpt":{"rendered":"<p><span class=\"rt-reading-time\" style=\"display: block;\"><span class=\"rt-label rt-prefix\">Tempo de leitura<\/span> <span class=\"rt-time\">5<\/span> <span class=\"rt-label rt-postfix\">minutos<\/span><\/span> Voc\u00ea j\u00e1 se perguntou sobre o que \u00e9 e qual a fun\u00e7\u00e3o da corda de poli\u00e9ster? Neste artigo, vamos explorar essas quest\u00f5es e destacar as caracter\u00edsticas dessa fibra que a tornam uma escolha excepcional para uma variedade de aplica\u00e7\u00f5es. O que \u00e9 corda de poli\u00e9ster e sua fun\u00e7\u00e3o? A corda de poli\u00e9ster \u00e9 um tipo &hellip; <\/p>\n","protected":false},"author":1,"featured_media":32,"comment_status":"open","ping_status":"open","sticky":false,"template":"","format":"standard","meta":{"footnotes":""},"categories":[3],"tags":[755,761,756,760,758,759,757,846,867,825,839,888,818,811,832,874,881,853,804,860,852,873,831,845,894,824,817,838,880,887,859,810,866,851,872,830,844,893,823,816,837,879,886,858,809,865,847,868,826,840,889,819,812,833,875,882,854,805,861,849,870,828,842,891,821,814,835,877,884,856,807,863,850,871,829,843,892,822,815,836,878,885,857,808,864,790,796,791,795,793,794,792,797,803,798,802,800,801,799,762,768,763,767,765,766,764,769,775,770,774,772,773,771,776,782,777,781,779,780,778,783,789,784,788,786,787,785,754,749,753,751,752,750,848,869,827,841,890,820,813,834,876,883,855,806,862],"class_list":["post-31","post","type-post","status-publish","format-standard","has-post-thumbnail","hentry","category-tipos-de-corda","tag-comprar-corda-de-poliester","tag-comprar-corda-de-poliester-trancada","tag-comprar-corda-poliester","tag-comprar-corda-poliester-alta-tenacidade-trancada","tag-comprar-cordas-poliester","tag-comprar-cordas-trancadas-100-poliester","tag-comprar-poliester-100-trancado-primeira-linha","tag-corda-de-poliester-direto-da-fabrica","tag-corda-de-poliester-em-cumbica","tag-corda-de-poliester-em-guarulhos","tag-corda-de-poliester-em-promocao","tag-corda-de-poliester-em-sao-miguel-paulista","tag-corda-de-poliester-em-sao-paulo","tag-corda-de-poliester-em-sp","tag-corda-de-poliester-na-dutra","tag-corda-de-poliester-na-zona-leste","tag-corda-de-poliester-no-itaim-paulista","tag-corda-de-poliester-perto-de-mim","tag-corda-de-poliester-preco","tag-corda-de-poliester-proximo-a-mim","tag-corda-de-poliester-trancada-direto-da-fabrica","tag-corda-de-poliester-trancada-em-cumbica","tag-corda-de-poliester-trancada-em-guarulhos","tag-corda-de-poliester-trancada-em-promocao","tag-corda-de-poliester-trancada-em-sao-miguel-paulista","tag-corda-de-poliester-trancada-em-sao-paulo","tag-corda-de-poliester-trancada-em-sp","tag-corda-de-poliester-trancada-na-dutra","tag-corda-de-poliester-trancada-na-zona-leste","tag-corda-de-poliester-trancada-no-itaim-paulista","tag-corda-de-poliester-trancada-perto-de-mim","tag-corda-de-poliester-trancada-preco","tag-corda-de-poliester-trancada-proximo-a-mim","tag-corda-poliester-alta-tenacidade-trancada-direto-da-fabrica","tag-corda-poliester-alta-tenacidade-trancada-em-cumbica","tag-corda-poliester-alta-tenacidade-trancada-em-guarulhos","tag-corda-poliester-alta-tenacidade-trancada-em-promocao","tag-corda-poliester-alta-tenacidade-trancada-em-sao-miguel-paulista","tag-corda-poliester-alta-tenacidade-trancada-em-sao-paulo","tag-corda-poliester-alta-tenacidade-trancada-em-sp","tag-corda-poliester-alta-tenacidade-trancada-na-dutra","tag-corda-poliester-alta-tenacidade-trancada-na-zona-leste","tag-corda-poliester-alta-tenacidade-trancada-no-itaim-paulista","tag-corda-poliester-alta-tenacidade-trancada-perto-de-mim","tag-corda-poliester-alta-tenacidade-trancada-preco","tag-corda-poliester-alta-tenacidade-trancada-proximo-a-mim","tag-corda-poliester-direto-da-fabrica","tag-corda-poliester-em-cumbica","tag-corda-poliester-em-guarulhos","tag-corda-poliester-em-promocao","tag-corda-poliester-em-sao-miguel-paulista","tag-corda-poliester-em-sao-paulo","tag-corda-poliester-em-sp","tag-corda-poliester-na-dutra","tag-corda-poliester-na-zona-leste","tag-corda-poliester-no-itaim-paulista","tag-corda-poliester-perto-de-mim","tag-corda-poliester-preco","tag-corda-poliester-proximo-a-mim","tag-cordas-poliester-direto-da-fabrica","tag-cordas-poliester-em-cumbica","tag-cordas-poliester-em-guarulhos","tag-cordas-poliester-em-promocao","tag-cordas-poliester-em-sao-miguel-paulista","tag-cordas-poliester-em-sao-paulo","tag-cordas-poliester-em-sp","tag-cordas-poliester-na-dutra","tag-cordas-poliester-na-zona-leste","tag-cordas-poliester-no-itaim-paulista","tag-cordas-poliester-perto-de-mim","tag-cordas-poliester-preco","tag-cordas-poliester-proximo-a-mim","tag-cordas-trancadas-100-poliester-direto-da-fabrica","tag-cordas-trancadas-100-poliester-em-cumbica","tag-cordas-trancadas-100-poliester-em-guarulhos","tag-cordas-trancadas-100-poliester-em-promocao","tag-cordas-trancadas-100-poliester-em-sao-miguel-paulista","tag-cordas-trancadas-100-poliester-em-sao-paulo","tag-cordas-trancadas-100-poliester-em-sp","tag-cordas-trancadas-100-poliester-na-dutra","tag-cordas-trancadas-100-poliester-na-zona-leste","tag-cordas-trancadas-100-poliester-no-itaim-paulista","tag-cordas-trancadas-100-poliester-perto-de-mim","tag-cordas-trancadas-100-poliester-preco","tag-cordas-trancadas-100-poliester-proximo-a-mim","tag-distribuidor-de-corda-de-poliester","tag-distribuidor-de-corda-de-poliester-trancada","tag-distribuidor-de-corda-poliester","tag-distribuidor-de-corda-poliester-alta-tenacidade-trancada","tag-distribuidor-de-cordas-poliester","tag-distribuidor-de-cordas-trancadas-100-poliester","tag-distribuidor-de-poliester-100-trancado-primeira-linha","tag-distribuidora-de-corda-de-poliester","tag-distribuidora-de-corda-de-poliester-trancada","tag-distribuidora-de-corda-poliester","tag-distribuidora-de-corda-poliester-alta-tenacidade-trancada","tag-distribuidora-de-cordas-poliester","tag-distribuidora-de-cordas-trancadas-100-poliester","tag-distribuidora-de-poliester-100-trancado-primeira-linha","tag-empresa-de-corda-de-poliester","tag-empresa-de-corda-de-poliester-trancada","tag-empresa-de-corda-poliester","tag-empresa-de-corda-poliester-alta-tenacidade-trancada","tag-empresa-de-cordas-poliester","tag-empresa-de-cordas-trancadas-100-poliester","tag-empresa-de-poliester-100-trancado-primeira-linha","tag-fabrica-de-corda-de-poliester","tag-fabrica-de-corda-de-poliester-trancada","tag-fabrica-de-corda-poliester","tag-fabrica-de-corda-poliester-alta-tenacidade-trancada","tag-fabrica-de-cordas-poliester","tag-fabrica-de-cordas-trancadas-100-poliester","tag-fabrica-de-poliester-100-trancado-primeira-linha","tag-fabricante-de-corda-de-poliester","tag-fabricante-de-corda-de-poliester-trancada","tag-fabricante-de-corda-poliester","tag-fabricante-de-corda-poliester-alta-tenacidade-trancada","tag-fabricante-de-cordas-poliester","tag-fabricante-de-cordas-trancadas-100-poliester","tag-fabricante-de-poliester-100-trancado-primeira-linha","tag-fornecedor-de-corda-de-poliester","tag-fornecedor-de-corda-de-poliester-trancada","tag-fornecedor-de-corda-poliester","tag-fornecedor-de-corda-poliester-alta-tenacidade-trancada","tag-fornecedor-de-cordas-poliester","tag-fornecedor-de-cordas-trancadas-100-poliester","tag-fornecedor-de-poliester-100-trancado-primeira-linha","tag-onde-encontrar-corda-de-poliester-trancada","tag-onde-encontrar-corda-poliester","tag-onde-encontrar-corda-poliester-alta-tenacidade-trancada","tag-onde-encontrar-cordas-poliester","tag-onde-encontrar-cordas-trancadas-100-poliester","tag-onde-encontrar-poliester-100-trancado-primeira-linha","tag-poliester-100-trancado-primeira-linha-direto-da-fabrica","tag-poliester-100-trancado-primeira-linha-em-cumbica","tag-poliester-100-trancado-primeira-linha-em-guarulhos","tag-poliester-100-trancado-primeira-linha-em-promocao","tag-poliester-100-trancado-primeira-linha-em-sao-miguel-paulista","tag-poliester-100-trancado-primeira-linha-em-sao-paulo","tag-poliester-100-trancado-primeira-linha-em-sp","tag-poliester-100-trancado-primeira-linha-na-dutra","tag-poliester-100-trancado-primeira-linha-na-zona-leste","tag-poliester-100-trancado-primeira-linha-no-itaim-paulista","tag-poliester-100-trancado-primeira-linha-perto-de-mim","tag-poliester-100-trancado-primeira-linha-preco","tag-poliester-100-trancado-primeira-linha-proximo-a-mim","latest_post"],"yoast_head":"<!-- This site is optimized with the Yoast SEO plugin v23.1 - https:\/\/yoast.com\/wordpress\/plugins\/seo\/ -->\n<title>Descubra as caracter\u00edsticas da corda de poli\u00e9ster<\/title>\n<meta name=\"description\" content=\"Encontre a melhor corda de poli\u00e9ster para suas necessidades em nossa loja. Qualidade e resist\u00eancia garantidas. Confira agora!\" \/>\n<meta name=\"robots\" content=\"index, follow, max-snippet:-1, max-image-preview:large, max-video-preview:-1\" \/>\n<link rel=\"canonical\" href=\"https:\/\/www.cordaspampa.com.br\/blog\/tipos-de-corda\/descubra-as-caracteristicas-da-corda-de-poliester\/\" \/>\n<meta property=\"og:locale\" content=\"pt_BR\" \/>\n<meta property=\"og:type\" content=\"article\" \/>\n<meta property=\"og:title\" content=\"Descubra as caracter\u00edsticas da corda de poli\u00e9ster\" \/>\n<meta property=\"og:description\" content=\"Encontre a melhor corda de poli\u00e9ster para suas necessidades em nossa loja. Qualidade e resist\u00eancia garantidas. Confira agora!\" \/>\n<meta property=\"og:url\" content=\"https:\/\/www.cordaspampa.com.br\/blog\/tipos-de-corda\/descubra-as-caracteristicas-da-corda-de-poliester\/\" \/>\n<meta property=\"og:site_name\" content=\"Cordas Pampa\" \/>\n<meta property=\"article:published_time\" content=\"2024-04-23T16:07:38+00:00\" \/>\n<meta property=\"article:modified_time\" content=\"2024-04-23T16:09:33+00:00\" \/>\n<meta property=\"og:image\" content=\"https:\/\/www.cordaspampa.com.br\/blog\/wp-content\/uploads\/2024\/04\/corda-1.jpg\" \/>\n\t<meta property=\"og:image:width\" content=\"740\" \/>\n\t<meta property=\"og:image:height\" content=\"512\" \/>\n\t<meta property=\"og:image:type\" content=\"image\/jpeg\" \/>\n<meta name=\"author\" content=\"admin\" \/>\n<meta name=\"twitter:card\" content=\"summary_large_image\" \/>\n<meta name=\"twitter:label1\" content=\"Escrito por\" \/>\n\t<meta name=\"twitter:data1\" content=\"admin\" \/>\n\t<meta name=\"twitter:label2\" content=\"Est. tempo de leitura\" \/>\n\t<meta name=\"twitter:data2\" content=\"5 minutos\" \/>\n<script type=\"application\/ld+json\" class=\"yoast-schema-graph\">{\"@context\":\"https:\/\/schema.org\",\"@graph\":[{\"@type\":\"Article\",\"@id\":\"https:\/\/www.cordaspampa.com.br\/blog\/tipos-de-corda\/descubra-as-caracteristicas-da-corda-de-poliester\/#article\",\"isPartOf\":{\"@id\":\"https:\/\/www.cordaspampa.com.br\/blog\/tipos-de-corda\/descubra-as-caracteristicas-da-corda-de-poliester\/\"},\"author\":{\"name\":\"admin\",\"@id\":\"https:\/\/www.cordaspampa.com.br\/blog\/#\/schema\/person\/7f90f5564a53e8225359712022efa26f\"},\"headline\":\"Descubra as caracter\u00edsticas da corda de poli\u00e9ster\",\"datePublished\":\"2024-04-23T16:07:38+00:00\",\"dateModified\":\"2024-04-23T16:09:33+00:00\",\"mainEntityOfPage\":{\"@id\":\"https:\/\/www.cordaspampa.com.br\/blog\/tipos-de-corda\/descubra-as-caracteristicas-da-corda-de-poliester\/\"},\"wordCount\":814,\"commentCount\":0,\"publisher\":{\"@id\":\"https:\/\/www.cordaspampa.com.br\/blog\/#organization\"},\"image\":{\"@id\":\"https:\/\/www.cordaspampa.com.br\/blog\/tipos-de-corda\/descubra-as-caracteristicas-da-corda-de-poliester\/#primaryimage\"},\"thumbnailUrl\":\"https:\/\/www.cordaspampa.com.br\/blog\/wp-content\/uploads\/2024\/04\/corda-1.jpg\",\"keywords\":[\"comprar corda de poli\u00e9ster\",\"comprar Corda de poli\u00e9ster tran\u00e7ada\",\"comprar corda poli\u00e9ster\",\"comprar Corda Poli\u00e9ster Alta Tenacidade Tran\u00e7ada\",\"comprar Cordas Poli\u00e9ster\",\"comprar Cordas Tran\u00e7adas 100% Poli\u00e9ster\",\"comprar Poli\u00e9ster 100% Tran\u00e7ado primeira linha\",\"corda de poli\u00e9ster direto da fabrica\",\"corda de poli\u00e9ster em Cumbica\",\"corda de poli\u00e9ster em Guarulhos\",\"corda de poli\u00e9ster em promo\u00e7\u00e3o\",\"corda de poli\u00e9ster em S\u00e3o Miguel Paulista\",\"corda de poli\u00e9ster em s\u00e3o paulo\",\"corda de poli\u00e9ster em sp\",\"corda de poli\u00e9ster na Dutra\",\"corda de poli\u00e9ster na Zona Leste\",\"corda de poli\u00e9ster no Itaim Paulista\",\"corda de poli\u00e9ster perto de mim\",\"corda de poli\u00e9ster pre\u00e7o\",\"corda de poli\u00e9ster pr\u00f3ximo a mim\",\"Corda de poli\u00e9ster tran\u00e7ada direto da fabrica\",\"Corda de poli\u00e9ster tran\u00e7ada em Cumbica\",\"Corda de poli\u00e9ster tran\u00e7ada em Guarulhos\",\"Corda de poli\u00e9ster tran\u00e7ada em promo\u00e7\u00e3o\",\"Corda de poli\u00e9ster tran\u00e7ada em S\u00e3o Miguel Paulista\",\"Corda de poli\u00e9ster tran\u00e7ada em s\u00e3o paulo\",\"Corda de poli\u00e9ster tran\u00e7ada em sp\",\"Corda de poli\u00e9ster tran\u00e7ada na Dutra\",\"Corda de poli\u00e9ster tran\u00e7ada na Zona Leste\",\"Corda de poli\u00e9ster tran\u00e7ada no Itaim Paulista\",\"Corda de poli\u00e9ster tran\u00e7ada perto de mim\",\"Corda de poli\u00e9ster tran\u00e7ada pre\u00e7o\",\"Corda de poli\u00e9ster tran\u00e7ada pr\u00f3ximo a mim\",\"Corda Poli\u00e9ster Alta Tenacidade Tran\u00e7ada direto da fabrica\",\"Corda Poli\u00e9ster Alta Tenacidade Tran\u00e7ada em Cumbica\",\"Corda Poli\u00e9ster Alta Tenacidade Tran\u00e7ada em Guarulhos\",\"Corda Poli\u00e9ster Alta Tenacidade Tran\u00e7ada em promo\u00e7\u00e3o\",\"Corda Poli\u00e9ster Alta Tenacidade Tran\u00e7ada em S\u00e3o Miguel Paulista\",\"Corda Poli\u00e9ster Alta Tenacidade Tran\u00e7ada em s\u00e3o paulo\",\"Corda Poli\u00e9ster Alta Tenacidade Tran\u00e7ada em sp\",\"Corda Poli\u00e9ster Alta Tenacidade Tran\u00e7ada na Dutra\",\"Corda Poli\u00e9ster Alta Tenacidade Tran\u00e7ada na Zona Leste\",\"Corda Poli\u00e9ster Alta Tenacidade Tran\u00e7ada no Itaim Paulista\",\"Corda Poli\u00e9ster Alta Tenacidade Tran\u00e7ada perto de mim\",\"Corda Poli\u00e9ster Alta Tenacidade Tran\u00e7ada pre\u00e7o\",\"Corda Poli\u00e9ster Alta Tenacidade Tran\u00e7ada pr\u00f3ximo a mim\",\"corda poli\u00e9ster direto da fabrica\",\"corda poli\u00e9ster em Cumbica\",\"corda poli\u00e9ster em Guarulhos\",\"corda poli\u00e9ster em promo\u00e7\u00e3o\",\"corda poli\u00e9ster em S\u00e3o Miguel Paulista\",\"corda poli\u00e9ster em s\u00e3o paulo\",\"corda poli\u00e9ster em sp\",\"corda poli\u00e9ster na Dutra\",\"corda poli\u00e9ster na Zona Leste\",\"corda poli\u00e9ster no Itaim Paulista\",\"corda poli\u00e9ster perto de mim\",\"corda poli\u00e9ster pre\u00e7o\",\"corda poli\u00e9ster pr\u00f3ximo a mim\",\"Cordas Poli\u00e9ster direto da fabrica\",\"Cordas Poli\u00e9ster em Cumbica\",\"Cordas Poli\u00e9ster em Guarulhos\",\"Cordas Poli\u00e9ster em promo\u00e7\u00e3o\",\"Cordas Poli\u00e9ster em S\u00e3o Miguel Paulista\",\"Cordas Poli\u00e9ster em s\u00e3o paulo\",\"Cordas Poli\u00e9ster em sp\",\"Cordas Poli\u00e9ster na Dutra\",\"Cordas Poli\u00e9ster na Zona Leste\",\"Cordas Poli\u00e9ster no Itaim Paulista\",\"Cordas Poli\u00e9ster perto de mim\",\"Cordas Poli\u00e9ster pre\u00e7o\",\"Cordas Poli\u00e9ster pr\u00f3ximo a mim\",\"Cordas Tran\u00e7adas 100% Poli\u00e9ster direto da fabrica\",\"Cordas Tran\u00e7adas 100% Poli\u00e9ster em Cumbica\",\"Cordas Tran\u00e7adas 100% Poli\u00e9ster em Guarulhos\",\"Cordas Tran\u00e7adas 100% Poli\u00e9ster em promo\u00e7\u00e3o\",\"Cordas Tran\u00e7adas 100% Poli\u00e9ster em S\u00e3o Miguel Paulista\",\"Cordas Tran\u00e7adas 100% Poli\u00e9ster em s\u00e3o paulo\",\"Cordas Tran\u00e7adas 100% Poli\u00e9ster em sp\",\"Cordas Tran\u00e7adas 100% Poli\u00e9ster na Dutra\",\"Cordas Tran\u00e7adas 100% Poli\u00e9ster na Zona Leste\",\"Cordas Tran\u00e7adas 100% Poli\u00e9ster no Itaim Paulista\",\"Cordas Tran\u00e7adas 100% Poli\u00e9ster perto de mim\",\"Cordas Tran\u00e7adas 100% Poli\u00e9ster pre\u00e7o\",\"Cordas Tran\u00e7adas 100% Poli\u00e9ster pr\u00f3ximo a mim\",\"distribuidor de corda de poli\u00e9ster\",\"distribuidor de Corda de poli\u00e9ster tran\u00e7ada\",\"distribuidor de corda poli\u00e9ster\",\"distribuidor de Corda Poli\u00e9ster Alta Tenacidade Tran\u00e7ada\",\"distribuidor de Cordas Poli\u00e9ster\",\"distribuidor de Cordas Tran\u00e7adas 100% Poli\u00e9ster\",\"distribuidor de Poli\u00e9ster 100% Tran\u00e7ado primeira linha\",\"distribuidora de corda de poli\u00e9ster\",\"distribuidora de Corda de poli\u00e9ster tran\u00e7ada\",\"distribuidora de corda poli\u00e9ster\",\"distribuidora de Corda Poli\u00e9ster Alta Tenacidade Tran\u00e7ada\",\"distribuidora de Cordas Poli\u00e9ster\",\"distribuidora de Cordas Tran\u00e7adas 100% Poli\u00e9ster\",\"distribuidora de Poli\u00e9ster 100% Tran\u00e7ado primeira linha\",\"empresa de corda de poli\u00e9ster\",\"empresa de Corda de poli\u00e9ster tran\u00e7ada\",\"empresa de corda poli\u00e9ster\",\"empresa de Corda Poli\u00e9ster Alta Tenacidade Tran\u00e7ada\",\"empresa de Cordas Poli\u00e9ster\",\"empresa de Cordas Tran\u00e7adas 100% Poli\u00e9ster\",\"empresa de Poli\u00e9ster 100% Tran\u00e7ado primeira linha\",\"f\u00e1brica de corda de poli\u00e9ster\",\"f\u00e1brica de Corda de poli\u00e9ster tran\u00e7ada\",\"f\u00e1brica de corda poli\u00e9ster\",\"f\u00e1brica de Corda Poli\u00e9ster Alta Tenacidade Tran\u00e7ada\",\"f\u00e1brica de Cordas Poli\u00e9ster\",\"f\u00e1brica de Cordas Tran\u00e7adas 100% Poli\u00e9ster\",\"f\u00e1brica de Poli\u00e9ster 100% Tran\u00e7ado primeira linha\",\"fabricante de corda de poli\u00e9ster\",\"fabricante de Corda de poli\u00e9ster tran\u00e7ada\",\"fabricante de corda poli\u00e9ster\",\"fabricante de Corda Poli\u00e9ster Alta Tenacidade Tran\u00e7ada\",\"fabricante de Cordas Poli\u00e9ster\",\"fabricante de Cordas Tran\u00e7adas 100% Poli\u00e9ster\",\"fabricante de Poli\u00e9ster 100% Tran\u00e7ado primeira linha\",\"fornecedor de corda de poli\u00e9ster\",\"fornecedor de Corda de poli\u00e9ster tran\u00e7ada\",\"fornecedor de corda poli\u00e9ster\",\"fornecedor de Corda Poli\u00e9ster Alta Tenacidade Tran\u00e7ada\",\"fornecedor de Cordas Poli\u00e9ster\",\"fornecedor de Cordas Tran\u00e7adas 100% Poli\u00e9ster\",\"fornecedor de Poli\u00e9ster 100% Tran\u00e7ado primeira linha\",\"onde encontrar Corda de poli\u00e9ster tran\u00e7ada\",\"onde encontrar corda poli\u00e9ster\",\"onde encontrar Corda Poli\u00e9ster Alta Tenacidade Tran\u00e7ada\",\"onde encontrar Cordas Poli\u00e9ster\",\"onde encontrar Cordas Tran\u00e7adas 100% Poli\u00e9ster\",\"onde encontrar Poli\u00e9ster 100% Tran\u00e7ado primeira linha\",\"Poli\u00e9ster 100% Tran\u00e7ado primeira linha direto da fabrica\",\"Poli\u00e9ster 100% Tran\u00e7ado primeira linha em Cumbica\",\"Poli\u00e9ster 100% Tran\u00e7ado primeira linha em Guarulhos\",\"Poli\u00e9ster 100% Tran\u00e7ado primeira linha em promo\u00e7\u00e3o\",\"Poli\u00e9ster 100% Tran\u00e7ado primeira linha em S\u00e3o Miguel Paulista\",\"Poli\u00e9ster 100% Tran\u00e7ado primeira linha em s\u00e3o paulo\",\"Poli\u00e9ster 100% Tran\u00e7ado primeira linha em sp\",\"Poli\u00e9ster 100% Tran\u00e7ado primeira linha na Dutra\",\"Poli\u00e9ster 100% Tran\u00e7ado primeira linha na Zona Leste\",\"Poli\u00e9ster 100% Tran\u00e7ado primeira linha no Itaim Paulista\",\"Poli\u00e9ster 100% Tran\u00e7ado primeira linha perto de mim\",\"Poli\u00e9ster 100% Tran\u00e7ado primeira linha pre\u00e7o\",\"Poli\u00e9ster 100% Tran\u00e7ado primeira linha pr\u00f3ximo a mim\"],\"articleSection\":[\"Tipos de corda\"],\"inLanguage\":\"pt-BR\",\"potentialAction\":[{\"@type\":\"CommentAction\",\"name\":\"Comment\",\"target\":[\"https:\/\/www.cordaspampa.com.br\/blog\/tipos-de-corda\/descubra-as-caracteristicas-da-corda-de-poliester\/#respond\"]}]},{\"@type\":\"WebPage\",\"@id\":\"https:\/\/www.cordaspampa.com.br\/blog\/tipos-de-corda\/descubra-as-caracteristicas-da-corda-de-poliester\/\",\"url\":\"https:\/\/www.cordaspampa.com.br\/blog\/tipos-de-corda\/descubra-as-caracteristicas-da-corda-de-poliester\/\",\"name\":\"Descubra as caracter\u00edsticas da corda de poli\u00e9ster\",\"isPartOf\":{\"@id\":\"https:\/\/www.cordaspampa.com.br\/blog\/#website\"},\"primaryImageOfPage\":{\"@id\":\"https:\/\/www.cordaspampa.com.br\/blog\/tipos-de-corda\/descubra-as-caracteristicas-da-corda-de-poliester\/#primaryimage\"},\"image\":{\"@id\":\"https:\/\/www.cordaspampa.com.br\/blog\/tipos-de-corda\/descubra-as-caracteristicas-da-corda-de-poliester\/#primaryimage\"},\"thumbnailUrl\":\"https:\/\/www.cordaspampa.com.br\/blog\/wp-content\/uploads\/2024\/04\/corda-1.jpg\",\"datePublished\":\"2024-04-23T16:07:38+00:00\",\"dateModified\":\"2024-04-23T16:09:33+00:00\",\"description\":\"Encontre a melhor corda de poli\u00e9ster para suas necessidades em nossa loja. Qualidade e resist\u00eancia garantidas. Confira agora!\",\"breadcrumb\":{\"@id\":\"https:\/\/www.cordaspampa.com.br\/blog\/tipos-de-corda\/descubra-as-caracteristicas-da-corda-de-poliester\/#breadcrumb\"},\"inLanguage\":\"pt-BR\",\"potentialAction\":[{\"@type\":\"ReadAction\",\"target\":[\"https:\/\/www.cordaspampa.com.br\/blog\/tipos-de-corda\/descubra-as-caracteristicas-da-corda-de-poliester\/\"]}]},{\"@type\":\"ImageObject\",\"inLanguage\":\"pt-BR\",\"@id\":\"https:\/\/www.cordaspampa.com.br\/blog\/tipos-de-corda\/descubra-as-caracteristicas-da-corda-de-poliester\/#primaryimage\",\"url\":\"https:\/\/www.cordaspampa.com.br\/blog\/wp-content\/uploads\/2024\/04\/corda-1.jpg\",\"contentUrl\":\"https:\/\/www.cordaspampa.com.br\/blog\/wp-content\/uploads\/2024\/04\/corda-1.jpg\",\"width\":740,\"height\":512,\"caption\":\"corda de poli\u00e9ster\"},{\"@type\":\"BreadcrumbList\",\"@id\":\"https:\/\/www.cordaspampa.com.br\/blog\/tipos-de-corda\/descubra-as-caracteristicas-da-corda-de-poliester\/#breadcrumb\",\"itemListElement\":[{\"@type\":\"ListItem\",\"position\":1,\"name\":\"In\u00edcio\",\"item\":\"https:\/\/www.cordaspampa.com.br\/blog\/\"},{\"@type\":\"ListItem\",\"position\":2,\"name\":\"Descubra as caracter\u00edsticas da corda de poli\u00e9ster\"}]},{\"@type\":\"WebSite\",\"@id\":\"https:\/\/www.cordaspampa.com.br\/blog\/#website\",\"url\":\"https:\/\/www.cordaspampa.com.br\/blog\/\",\"name\":\"Cordas Pampa\",\"description\":\"Blog - Cordas Pampas\",\"publisher\":{\"@id\":\"https:\/\/www.cordaspampa.com.br\/blog\/#organization\"},\"potentialAction\":[{\"@type\":\"SearchAction\",\"target\":{\"@type\":\"EntryPoint\",\"urlTemplate\":\"https:\/\/www.cordaspampa.com.br\/blog\/?s={search_term_string}\"},\"query-input\":\"required name=search_term_string\"}],\"inLanguage\":\"pt-BR\"},{\"@type\":\"Organization\",\"@id\":\"https:\/\/www.cordaspampa.com.br\/blog\/#organization\",\"name\":\"Cordas Pampa\",\"url\":\"https:\/\/www.cordaspampa.com.br\/blog\/\",\"logo\":{\"@type\":\"ImageObject\",\"inLanguage\":\"pt-BR\",\"@id\":\"https:\/\/www.cordaspampa.com.br\/blog\/#\/schema\/logo\/image\/\",\"url\":\"https:\/\/www.cordaspampa.com.br\/blog\/wp-content\/uploads\/2024\/04\/logo.png\",\"contentUrl\":\"https:\/\/www.cordaspampa.com.br\/blog\/wp-content\/uploads\/2024\/04\/logo.png\",\"width\":540,\"height\":240,\"caption\":\"Cordas Pampa\"},\"image\":{\"@id\":\"https:\/\/www.cordaspampa.com.br\/blog\/#\/schema\/logo\/image\/\"}},{\"@type\":\"Person\",\"@id\":\"https:\/\/www.cordaspampa.com.br\/blog\/#\/schema\/person\/7f90f5564a53e8225359712022efa26f\",\"name\":\"admin\",\"image\":{\"@type\":\"ImageObject\",\"inLanguage\":\"pt-BR\",\"@id\":\"https:\/\/www.cordaspampa.com.br\/blog\/#\/schema\/person\/image\/\",\"url\":\"https:\/\/secure.gravatar.com\/avatar\/3813f53848958b8842eeafda91666185a90010f65ed554379b78794cde6f234a?s=96&d=mm&r=g\",\"contentUrl\":\"https:\/\/secure.gravatar.com\/avatar\/3813f53848958b8842eeafda91666185a90010f65ed554379b78794cde6f234a?s=96&d=mm&r=g\",\"caption\":\"admin\"},\"sameAs\":[\"https:\/\/www.cordaspampa.com.br\/blog\"],\"url\":\"https:\/\/www.cordaspampa.com.br\/blog\/author\/admin\/\"}]}<\/script>\n<!-- \/ Yoast SEO plugin. -->","yoast_head_json":{"title":"Descubra as caracter\u00edsticas da corda de poli\u00e9ster","description":"Encontre a melhor corda de poli\u00e9ster para suas necessidades em nossa loja. Qualidade e resist\u00eancia garantidas. Confira agora!","robots":{"index":"index","follow":"follow","max-snippet":"max-snippet:-1","max-image-preview":"max-image-preview:large","max-video-preview":"max-video-preview:-1"},"canonical":"https:\/\/www.cordaspampa.com.br\/blog\/tipos-de-corda\/descubra-as-caracteristicas-da-corda-de-poliester\/","og_locale":"pt_BR","og_type":"article","og_title":"Descubra as caracter\u00edsticas da corda de poli\u00e9ster","og_description":"Encontre a melhor corda de poli\u00e9ster para suas necessidades em nossa loja. Qualidade e resist\u00eancia garantidas. Confira agora!","og_url":"https:\/\/www.cordaspampa.com.br\/blog\/tipos-de-corda\/descubra-as-caracteristicas-da-corda-de-poliester\/","og_site_name":"Cordas Pampa","article_published_time":"2024-04-23T16:07:38+00:00","article_modified_time":"2024-04-23T16:09:33+00:00","og_image":[{"width":740,"height":512,"url":"https:\/\/www.cordaspampa.com.br\/blog\/wp-content\/uploads\/2024\/04\/corda-1.jpg","type":"image\/jpeg"}],"author":"admin","twitter_card":"summary_large_image","twitter_misc":{"Escrito por":"admin","Est. tempo de leitura":"5 minutos"},"schema":{"@context":"https:\/\/schema.org","@graph":[{"@type":"Article","@id":"https:\/\/www.cordaspampa.com.br\/blog\/tipos-de-corda\/descubra-as-caracteristicas-da-corda-de-poliester\/#article","isPartOf":{"@id":"https:\/\/www.cordaspampa.com.br\/blog\/tipos-de-corda\/descubra-as-caracteristicas-da-corda-de-poliester\/"},"author":{"name":"admin","@id":"https:\/\/www.cordaspampa.com.br\/blog\/#\/schema\/person\/7f90f5564a53e8225359712022efa26f"},"headline":"Descubra as caracter\u00edsticas da corda de poli\u00e9ster","datePublished":"2024-04-23T16:07:38+00:00","dateModified":"2024-04-23T16:09:33+00:00","mainEntityOfPage":{"@id":"https:\/\/www.cordaspampa.com.br\/blog\/tipos-de-corda\/descubra-as-caracteristicas-da-corda-de-poliester\/"},"wordCount":814,"commentCount":0,"publisher":{"@id":"https:\/\/www.cordaspampa.com.br\/blog\/#organization"},"image":{"@id":"https:\/\/www.cordaspampa.com.br\/blog\/tipos-de-corda\/descubra-as-caracteristicas-da-corda-de-poliester\/#primaryimage"},"thumbnailUrl":"https:\/\/www.cordaspampa.com.br\/blog\/wp-content\/uploads\/2024\/04\/corda-1.jpg","keywords":["comprar corda de poli\u00e9ster","comprar Corda de poli\u00e9ster tran\u00e7ada","comprar corda poli\u00e9ster","comprar Corda Poli\u00e9ster Alta Tenacidade Tran\u00e7ada","comprar Cordas Poli\u00e9ster","comprar Cordas Tran\u00e7adas 100% Poli\u00e9ster","comprar Poli\u00e9ster 100% Tran\u00e7ado primeira linha","corda de poli\u00e9ster direto da fabrica","corda de poli\u00e9ster em Cumbica","corda de poli\u00e9ster em Guarulhos","corda de poli\u00e9ster em promo\u00e7\u00e3o","corda de poli\u00e9ster em S\u00e3o Miguel Paulista","corda de poli\u00e9ster em s\u00e3o paulo","corda de poli\u00e9ster em sp","corda de poli\u00e9ster na Dutra","corda de poli\u00e9ster na Zona Leste","corda de poli\u00e9ster no Itaim Paulista","corda de poli\u00e9ster perto de mim","corda de poli\u00e9ster pre\u00e7o","corda de poli\u00e9ster pr\u00f3ximo a mim","Corda de poli\u00e9ster tran\u00e7ada direto da fabrica","Corda de poli\u00e9ster tran\u00e7ada em Cumbica","Corda de poli\u00e9ster tran\u00e7ada em Guarulhos","Corda de poli\u00e9ster tran\u00e7ada em promo\u00e7\u00e3o","Corda de poli\u00e9ster tran\u00e7ada em S\u00e3o Miguel Paulista","Corda de poli\u00e9ster tran\u00e7ada em s\u00e3o paulo","Corda de poli\u00e9ster tran\u00e7ada em sp","Corda de poli\u00e9ster tran\u00e7ada na Dutra","Corda de poli\u00e9ster tran\u00e7ada na Zona Leste","Corda de poli\u00e9ster tran\u00e7ada no Itaim Paulista","Corda de poli\u00e9ster tran\u00e7ada perto de mim","Corda de poli\u00e9ster tran\u00e7ada pre\u00e7o","Corda de poli\u00e9ster tran\u00e7ada pr\u00f3ximo a mim","Corda Poli\u00e9ster Alta Tenacidade Tran\u00e7ada direto da fabrica","Corda Poli\u00e9ster Alta Tenacidade Tran\u00e7ada em Cumbica","Corda Poli\u00e9ster Alta Tenacidade Tran\u00e7ada em Guarulhos","Corda Poli\u00e9ster Alta Tenacidade Tran\u00e7ada em promo\u00e7\u00e3o","Corda Poli\u00e9ster Alta Tenacidade Tran\u00e7ada em S\u00e3o Miguel Paulista","Corda Poli\u00e9ster Alta Tenacidade Tran\u00e7ada em s\u00e3o paulo","Corda Poli\u00e9ster Alta Tenacidade Tran\u00e7ada em sp","Corda Poli\u00e9ster Alta Tenacidade Tran\u00e7ada na Dutra","Corda Poli\u00e9ster Alta Tenacidade Tran\u00e7ada na Zona Leste","Corda Poli\u00e9ster Alta Tenacidade Tran\u00e7ada no Itaim Paulista","Corda Poli\u00e9ster Alta Tenacidade Tran\u00e7ada perto de mim","Corda Poli\u00e9ster Alta Tenacidade Tran\u00e7ada pre\u00e7o","Corda Poli\u00e9ster Alta Tenacidade Tran\u00e7ada pr\u00f3ximo a mim","corda poli\u00e9ster direto da fabrica","corda poli\u00e9ster em Cumbica","corda poli\u00e9ster em Guarulhos","corda poli\u00e9ster em promo\u00e7\u00e3o","corda poli\u00e9ster em S\u00e3o Miguel Paulista","corda poli\u00e9ster em s\u00e3o paulo","corda poli\u00e9ster em sp","corda poli\u00e9ster na Dutra","corda poli\u00e9ster na Zona Leste","corda poli\u00e9ster no Itaim Paulista","corda poli\u00e9ster perto de mim","corda poli\u00e9ster pre\u00e7o","corda poli\u00e9ster pr\u00f3ximo a mim","Cordas Poli\u00e9ster direto da fabrica","Cordas Poli\u00e9ster em Cumbica","Cordas Poli\u00e9ster em Guarulhos","Cordas Poli\u00e9ster em promo\u00e7\u00e3o","Cordas Poli\u00e9ster em S\u00e3o Miguel Paulista","Cordas Poli\u00e9ster em s\u00e3o paulo","Cordas Poli\u00e9ster em sp","Cordas Poli\u00e9ster na Dutra","Cordas Poli\u00e9ster na Zona Leste","Cordas Poli\u00e9ster no Itaim Paulista","Cordas Poli\u00e9ster perto de mim","Cordas Poli\u00e9ster pre\u00e7o","Cordas Poli\u00e9ster pr\u00f3ximo a mim","Cordas Tran\u00e7adas 100% Poli\u00e9ster direto da fabrica","Cordas Tran\u00e7adas 100% Poli\u00e9ster em Cumbica","Cordas Tran\u00e7adas 100% Poli\u00e9ster em Guarulhos","Cordas Tran\u00e7adas 100% Poli\u00e9ster em promo\u00e7\u00e3o","Cordas Tran\u00e7adas 100% Poli\u00e9ster em S\u00e3o Miguel Paulista","Cordas Tran\u00e7adas 100% Poli\u00e9ster em s\u00e3o paulo","Cordas Tran\u00e7adas 100% Poli\u00e9ster em sp","Cordas Tran\u00e7adas 100% Poli\u00e9ster na Dutra","Cordas Tran\u00e7adas 100% Poli\u00e9ster na Zona Leste","Cordas Tran\u00e7adas 100% Poli\u00e9ster no Itaim Paulista","Cordas Tran\u00e7adas 100% Poli\u00e9ster perto de mim","Cordas Tran\u00e7adas 100% Poli\u00e9ster pre\u00e7o","Cordas Tran\u00e7adas 100% Poli\u00e9ster pr\u00f3ximo a mim","distribuidor de corda de poli\u00e9ster","distribuidor de Corda de poli\u00e9ster tran\u00e7ada","distribuidor de corda poli\u00e9ster","distribuidor de Corda Poli\u00e9ster Alta Tenacidade Tran\u00e7ada","distribuidor de Cordas Poli\u00e9ster","distribuidor de Cordas Tran\u00e7adas 100% Poli\u00e9ster","distribuidor de Poli\u00e9ster 100% Tran\u00e7ado primeira linha","distribuidora de corda de poli\u00e9ster","distribuidora de Corda de poli\u00e9ster tran\u00e7ada","distribuidora de corda poli\u00e9ster","distribuidora de Corda Poli\u00e9ster Alta Tenacidade Tran\u00e7ada","distribuidora de Cordas Poli\u00e9ster","distribuidora de Cordas Tran\u00e7adas 100% Poli\u00e9ster","distribuidora de Poli\u00e9ster 100% Tran\u00e7ado primeira linha","empresa de corda de poli\u00e9ster","empresa de Corda de poli\u00e9ster tran\u00e7ada","empresa de corda poli\u00e9ster","empresa de Corda Poli\u00e9ster Alta Tenacidade Tran\u00e7ada","empresa de Cordas Poli\u00e9ster","empresa de Cordas Tran\u00e7adas 100% Poli\u00e9ster","empresa de Poli\u00e9ster 100% Tran\u00e7ado primeira linha","f\u00e1brica de corda de poli\u00e9ster","f\u00e1brica de Corda de poli\u00e9ster tran\u00e7ada","f\u00e1brica de corda poli\u00e9ster","f\u00e1brica de Corda Poli\u00e9ster Alta Tenacidade Tran\u00e7ada","f\u00e1brica de Cordas Poli\u00e9ster","f\u00e1brica de Cordas Tran\u00e7adas 100% Poli\u00e9ster","f\u00e1brica de Poli\u00e9ster 100% Tran\u00e7ado primeira linha","fabricante de corda de poli\u00e9ster","fabricante de Corda de poli\u00e9ster tran\u00e7ada","fabricante de corda poli\u00e9ster","fabricante de Corda Poli\u00e9ster Alta Tenacidade Tran\u00e7ada","fabricante de Cordas Poli\u00e9ster","fabricante de Cordas Tran\u00e7adas 100% Poli\u00e9ster","fabricante de Poli\u00e9ster 100% Tran\u00e7ado primeira linha","fornecedor de corda de poli\u00e9ster","fornecedor de Corda de poli\u00e9ster tran\u00e7ada","fornecedor de corda poli\u00e9ster","fornecedor de Corda Poli\u00e9ster Alta Tenacidade Tran\u00e7ada","fornecedor de Cordas Poli\u00e9ster","fornecedor de Cordas Tran\u00e7adas 100% Poli\u00e9ster","fornecedor de Poli\u00e9ster 100% Tran\u00e7ado primeira linha","onde encontrar Corda de poli\u00e9ster tran\u00e7ada","onde encontrar corda poli\u00e9ster","onde encontrar Corda Poli\u00e9ster Alta Tenacidade Tran\u00e7ada","onde encontrar Cordas Poli\u00e9ster","onde encontrar Cordas Tran\u00e7adas 100% Poli\u00e9ster","onde encontrar Poli\u00e9ster 100% Tran\u00e7ado primeira linha","Poli\u00e9ster 100% Tran\u00e7ado primeira linha direto da fabrica","Poli\u00e9ster 100% Tran\u00e7ado primeira linha em Cumbica","Poli\u00e9ster 100% Tran\u00e7ado primeira linha em Guarulhos","Poli\u00e9ster 100% Tran\u00e7ado primeira linha em promo\u00e7\u00e3o","Poli\u00e9ster 100% Tran\u00e7ado primeira linha em S\u00e3o Miguel Paulista","Poli\u00e9ster 100% Tran\u00e7ado primeira linha em s\u00e3o paulo","Poli\u00e9ster 100% Tran\u00e7ado primeira linha em sp","Poli\u00e9ster 100% Tran\u00e7ado primeira linha na Dutra","Poli\u00e9ster 100% Tran\u00e7ado primeira linha na Zona Leste","Poli\u00e9ster 100% Tran\u00e7ado primeira linha no Itaim Paulista","Poli\u00e9ster 100% Tran\u00e7ado primeira linha perto de mim","Poli\u00e9ster 100% Tran\u00e7ado primeira linha pre\u00e7o","Poli\u00e9ster 100% Tran\u00e7ado primeira linha pr\u00f3ximo a mim"],"articleSection":["Tipos de corda"],"inLanguage":"pt-BR","potentialAction":[{"@type":"CommentAction","name":"Comment","target":["https:\/\/www.cordaspampa.com.br\/blog\/tipos-de-corda\/descubra-as-caracteristicas-da-corda-de-poliester\/#respond"]}]},{"@type":"WebPage","@id":"https:\/\/www.cordaspampa.com.br\/blog\/tipos-de-corda\/descubra-as-caracteristicas-da-corda-de-poliester\/","url":"https:\/\/www.cordaspampa.com.br\/blog\/tipos-de-corda\/descubra-as-caracteristicas-da-corda-de-poliester\/","name":"Descubra as caracter\u00edsticas da corda de poli\u00e9ster","isPartOf":{"@id":"https:\/\/www.cordaspampa.com.br\/blog\/#website"},"primaryImageOfPage":{"@id":"https:\/\/www.cordaspampa.com.br\/blog\/tipos-de-corda\/descubra-as-caracteristicas-da-corda-de-poliester\/#primaryimage"},"image":{"@id":"https:\/\/www.cordaspampa.com.br\/blog\/tipos-de-corda\/descubra-as-caracteristicas-da-corda-de-poliester\/#primaryimage"},"thumbnailUrl":"https:\/\/www.cordaspampa.com.br\/blog\/wp-content\/uploads\/2024\/04\/corda-1.jpg","datePublished":"2024-04-23T16:07:38+00:00","dateModified":"2024-04-23T16:09:33+00:00","description":"Encontre a melhor corda de poli\u00e9ster para suas necessidades em nossa loja. Qualidade e resist\u00eancia garantidas. Confira agora!","breadcrumb":{"@id":"https:\/\/www.cordaspampa.com.br\/blog\/tipos-de-corda\/descubra-as-caracteristicas-da-corda-de-poliester\/#breadcrumb"},"inLanguage":"pt-BR","potentialAction":[{"@type":"ReadAction","target":["https:\/\/www.cordaspampa.com.br\/blog\/tipos-de-corda\/descubra-as-caracteristicas-da-corda-de-poliester\/"]}]},{"@type":"ImageObject","inLanguage":"pt-BR","@id":"https:\/\/www.cordaspampa.com.br\/blog\/tipos-de-corda\/descubra-as-caracteristicas-da-corda-de-poliester\/#primaryimage","url":"https:\/\/www.cordaspampa.com.br\/blog\/wp-content\/uploads\/2024\/04\/corda-1.jpg","contentUrl":"https:\/\/www.cordaspampa.com.br\/blog\/wp-content\/uploads\/2024\/04\/corda-1.jpg","width":740,"height":512,"caption":"corda de poli\u00e9ster"},{"@type":"BreadcrumbList","@id":"https:\/\/www.cordaspampa.com.br\/blog\/tipos-de-corda\/descubra-as-caracteristicas-da-corda-de-poliester\/#breadcrumb","itemListElement":[{"@type":"ListItem","position":1,"name":"In\u00edcio","item":"https:\/\/www.cordaspampa.com.br\/blog\/"},{"@type":"ListItem","position":2,"name":"Descubra as caracter\u00edsticas da corda de poli\u00e9ster"}]},{"@type":"WebSite","@id":"https:\/\/www.cordaspampa.com.br\/blog\/#website","url":"https:\/\/www.cordaspampa.com.br\/blog\/","name":"Cordas Pampa","description":"Blog - Cordas Pampas","publisher":{"@id":"https:\/\/www.cordaspampa.com.br\/blog\/#organization"},"potentialAction":[{"@type":"SearchAction","target":{"@type":"EntryPoint","urlTemplate":"https:\/\/www.cordaspampa.com.br\/blog\/?s={search_term_string}"},"query-input":"required name=search_term_string"}],"inLanguage":"pt-BR"},{"@type":"Organization","@id":"https:\/\/www.cordaspampa.com.br\/blog\/#organization","name":"Cordas Pampa","url":"https:\/\/www.cordaspampa.com.br\/blog\/","logo":{"@type":"ImageObject","inLanguage":"pt-BR","@id":"https:\/\/www.cordaspampa.com.br\/blog\/#\/schema\/logo\/image\/","url":"https:\/\/www.cordaspampa.com.br\/blog\/wp-content\/uploads\/2024\/04\/logo.png","contentUrl":"https:\/\/www.cordaspampa.com.br\/blog\/wp-content\/uploads\/2024\/04\/logo.png","width":540,"height":240,"caption":"Cordas Pampa"},"image":{"@id":"https:\/\/www.cordaspampa.com.br\/blog\/#\/schema\/logo\/image\/"}},{"@type":"Person","@id":"https:\/\/www.cordaspampa.com.br\/blog\/#\/schema\/person\/7f90f5564a53e8225359712022efa26f","name":"admin","image":{"@type":"ImageObject","inLanguage":"pt-BR","@id":"https:\/\/www.cordaspampa.com.br\/blog\/#\/schema\/person\/image\/","url":"https:\/\/secure.gravatar.com\/avatar\/3813f53848958b8842eeafda91666185a90010f65ed554379b78794cde6f234a?s=96&d=mm&r=g","contentUrl":"https:\/\/secure.gravatar.com\/avatar\/3813f53848958b8842eeafda91666185a90010f65ed554379b78794cde6f234a?s=96&d=mm&r=g","caption":"admin"},"sameAs":["https:\/\/www.cordaspampa.com.br\/blog"],"url":"https:\/\/www.cordaspampa.com.br\/blog\/author\/admin\/"}]}},"_links":{"self":[{"href":"https:\/\/www.cordaspampa.com.br\/blog\/wp-json\/wp\/v2\/posts\/31","targetHints":{"allow":["GET"]}}],"collection":[{"href":"https:\/\/www.cordaspampa.com.br\/blog\/wp-json\/wp\/v2\/posts"}],"about":[{"href":"https:\/\/www.cordaspampa.com.br\/blog\/wp-json\/wp\/v2\/types\/post"}],"author":[{"embeddable":true,"href":"https:\/\/www.cordaspampa.com.br\/blog\/wp-json\/wp\/v2\/users\/1"}],"replies":[{"embeddable":true,"href":"https:\/\/www.cordaspampa.com.br\/blog\/wp-json\/wp\/v2\/comments?post=31"}],"version-history":[{"count":1,"href":"https:\/\/www.cordaspampa.com.br\/blog\/wp-json\/wp\/v2\/posts\/31\/revisions"}],"predecessor-version":[{"id":35,"href":"https:\/\/www.cordaspampa.com.br\/blog\/wp-json\/wp\/v2\/posts\/31\/revisions\/35"}],"wp:featuredmedia":[{"embeddable":true,"href":"https:\/\/www.cordaspampa.com.br\/blog\/wp-json\/wp\/v2\/media\/32"}],"wp:attachment":[{"href":"https:\/\/www.cordaspampa.com.br\/blog\/wp-json\/wp\/v2\/media?parent=31"}],"wp:term":[{"taxonomy":"category","embeddable":true,"href":"https:\/\/www.cordaspampa.com.br\/blog\/wp-json\/wp\/v2\/categories?post=31"},{"taxonomy":"post_tag","embeddable":true,"href":"https:\/\/www.cordaspampa.com.br\/blog\/wp-json\/wp\/v2\/tags?post=31"}],"curies":[{"name":"wp","href":"https:\/\/api.w.org\/{rel}","templated":true}]}}